{"id":1150,"date":"2023-05-18T10:57:26","date_gmt":"2023-05-18T08:57:26","guid":{"rendered":"http:\/\/karatepalavas.fr\/?p=1150"},"modified":"2023-05-18T10:57:27","modified_gmt":"2023-05-18T08:57:27","slug":"3eme-podium-mondial-pour-paolo","status":"publish","type":"post","link":"https:\/\/karatepalavas.fr\/?p=1150","title":{"rendered":"3\u00e8me podium mondial pour Paolo"},"content":{"rendered":"\n<p>Apr\u00e9s ses deux premi\u00e8res finales \u00e0 venise en d\u00e9cembre dernier et Fujairah aux \u00e9mirats arabes unis , Paolo r\u00e9ussi l&rsquo;exploit de monter une nouvelle fois sur le podium de la ligue mondiale des jeunes \u00e0 la Corogne en Espagne .<br><br>F\u00e9licitations \u00e0 lui pour son parcours exceptionnel au plus haut niveau mondial .<\/p>\n","protected":false},"excerpt":{"rendered":"<p>Apr\u00e9s ses deux premi\u00e8res finales \u00e0 venise en d\u00e9cembre dernier et Fujairah aux \u00e9mirats arabes unis , Paolo r\u00e9ussi l&rsquo;exploit de monter une nouvelle fois sur le podium de la ligue mondiale des jeunes \u00e0 la Corogne en Espagne . F\u00e9licitations \u00e0 lui pour son parcours exceptionnel au plus haut niveau mondial .<\/p>\n","protected":false},"author":1,"featured_media":1148,"comment_status":"closed","ping_status":"closed","sticky":false,"template":"","format":"standard","meta":{"footnotes":""},"categories":[1],"tags":[],"class_list":["post-1150","post","type-post","status-publish","format-standard","has-post-thumbnail","hentry","category-non-classe"],"_links":{"self":[{"href":"https:\/\/karatepalavas.fr\/index.php?rest_route=\/wp\/v2\/posts\/1150","targetHints":{"allow":["GET"]}}],"collection":[{"href":"https:\/\/karatepalavas.fr\/index.php?rest_route=\/wp\/v2\/posts"}],"about":[{"href":"https:\/\/karatepalavas.fr\/index.php?rest_route=\/wp\/v2\/types\/post"}],"author":[{"embeddable":true,"href":"https:\/\/karatepalavas.fr\/index.php?rest_route=\/wp\/v2\/users\/1"}],"replies":[{"embeddable":true,"href":"https:\/\/karatepalavas.fr\/index.php?rest_route=%2Fwp%2Fv2%2Fcomments&post=1150"}],"version-history":[{"count":1,"href":"https:\/\/karatepalavas.fr\/index.php?rest_route=\/wp\/v2\/posts\/1150\/revisions"}],"predecessor-version":[{"id":1151,"href":"https:\/\/karatepalavas.fr\/index.php?rest_route=\/wp\/v2\/posts\/1150\/revisions\/1151"}],"wp:featuredmedia":[{"embeddable":true,"href":"https:\/\/karatepalavas.fr\/index.php?rest_route=\/wp\/v2\/media\/1148"}],"wp:attachment":[{"href":"https:\/\/karatepalavas.fr\/index.php?rest_route=%2Fwp%2Fv2%2Fmedia&parent=1150"}],"wp:term":[{"taxonomy":"category","embeddable":true,"href":"https:\/\/karatepalavas.fr\/index.php?rest_route=%2Fwp%2Fv2%2Fcategories&post=1150"},{"taxonomy":"post_tag","embeddable":true,"href":"https:\/\/karatepalavas.fr\/index.php?rest_route=%2Fwp%2Fv2%2Ftags&post=1150"}],"curies":[{"name":"wp","href":"https:\/\/api.w.org\/{rel}","templated":true}]}}