{"id":411,"date":"2018-11-17T14:03:07","date_gmt":"2018-11-17T13:03:07","guid":{"rendered":"http:\/\/karatepalavas.fr\/?p=411"},"modified":"2019-03-26T14:57:48","modified_gmt":"2019-03-26T13:57:48","slug":"stage-combat-samedi-15-decembre-10h12h","status":"publish","type":"post","link":"https:\/\/karatepalavas.fr\/?p=411","title":{"rendered":"PAOLO PETAGNA 2\u00e8me DE L&rsquo;OPEN INTERNATIONAL DE NEW YORK"},"content":{"rendered":"<p>Apr\u00e8s avoir remport\u00e9 la coupe de l&rsquo;H\u00e9rault, la coupe de ligue Honneur et avoir termin\u00e9 3\u00e8me de l&rsquo;open d&rsquo;occitanie , Paolo \u00e0 r\u00e9alis\u00e9 son premier podium international en terminant 2 \u00e8me de cette comp\u00e9tition qui \u00e0 eu lieu dans le queens<br \/>\nson p\u00e8re Christophe pour qui s&rsquo;\u00e9tait sa derni\u00e8re comp\u00e9titon \u00e0 perdu en 1\/4 de finale.<br \/>\nF\u00e9licitations \u00e0 eux , et merci \u00e0 tout le club pour les nombreux messages de soutiens qu&rsquo;ils ont re\u00e7u.<br \/>\n<img loading=\"lazy\" decoding=\"async\" class=\"alignnone  wp-image-421\" src=\"https:\/\/karatepalavas.fr\/wp-content\/uploads\/2018\/11\/IMG_0087-300x225.jpg\" alt=\"\" width=\"504\" height=\"378\" srcset=\"https:\/\/karatepalavas.fr\/wp-content\/uploads\/2018\/11\/IMG_0087-300x225.jpg 300w, https:\/\/karatepalavas.fr\/wp-content\/uploads\/2018\/11\/IMG_0087-768x576.jpg 768w, https:\/\/karatepalavas.fr\/wp-content\/uploads\/2018\/11\/IMG_0087-1024x768.jpg 1024w\" sizes=\"auto, (max-width: 504px) 100vw, 504px\" \/><\/p>\n","protected":false},"excerpt":{"rendered":"<p>Apr\u00e8s avoir remport\u00e9 la coupe de l&rsquo;H\u00e9rault, la coupe de ligue Honneur et avoir termin\u00e9 3\u00e8me de l&rsquo;open d&rsquo;occitanie , Paolo \u00e0 r\u00e9alis\u00e9 son premier podium international en terminant 2 \u00e8me de cette comp\u00e9tition qui \u00e0 eu lieu dans le queens son p\u00e8re Christophe pour qui s&rsquo;\u00e9tait sa derni\u00e8re comp\u00e9titon \u00e0 perdu en 1\/4 de &hellip; <\/p>\n<p class=\"link-more\"><a href=\"https:\/\/karatepalavas.fr\/?p=411\" class=\"more-link\">Read More<span class=\"screen-reader-text\"> \u00ab\u00a0PAOLO PETAGNA 2\u00e8me DE L&rsquo;OPEN INTERNATIONAL DE NEW YORK\u00a0\u00bb<\/span><\/a><\/p>\n","protected":false},"author":1,"featured_media":421,"comment_status":"open","ping_status":"open","sticky":false,"template":"","format":"standard","meta":{"footnotes":""},"categories":[1],"tags":[],"class_list":["post-411","post","type-post","status-publish","format-standard","has-post-thumbnail","hentry","category-non-classe"],"_links":{"self":[{"href":"https:\/\/karatepalavas.fr\/index.php?rest_route=\/wp\/v2\/posts\/411","targetHints":{"allow":["GET"]}}],"collection":[{"href":"https:\/\/karatepalavas.fr\/index.php?rest_route=\/wp\/v2\/posts"}],"about":[{"href":"https:\/\/karatepalavas.fr\/index.php?rest_route=\/wp\/v2\/types\/post"}],"author":[{"embeddable":true,"href":"https:\/\/karatepalavas.fr\/index.php?rest_route=\/wp\/v2\/users\/1"}],"replies":[{"embeddable":true,"href":"https:\/\/karatepalavas.fr\/index.php?rest_route=%2Fwp%2Fv2%2Fcomments&post=411"}],"version-history":[{"count":4,"href":"https:\/\/karatepalavas.fr\/index.php?rest_route=\/wp\/v2\/posts\/411\/revisions"}],"predecessor-version":[{"id":422,"href":"https:\/\/karatepalavas.fr\/index.php?rest_route=\/wp\/v2\/posts\/411\/revisions\/422"}],"wp:featuredmedia":[{"embeddable":true,"href":"https:\/\/karatepalavas.fr\/index.php?rest_route=\/wp\/v2\/media\/421"}],"wp:attachment":[{"href":"https:\/\/karatepalavas.fr\/index.php?rest_route=%2Fwp%2Fv2%2Fmedia&parent=411"}],"wp:term":[{"taxonomy":"category","embeddable":true,"href":"https:\/\/karatepalavas.fr\/index.php?rest_route=%2Fwp%2Fv2%2Fcategories&post=411"},{"taxonomy":"post_tag","embeddable":true,"href":"https:\/\/karatepalavas.fr\/index.php?rest_route=%2Fwp%2Fv2%2Ftags&post=411"}],"curies":[{"name":"wp","href":"https:\/\/api.w.org\/{rel}","templated":true}]}}