{"id":629,"date":"2022-07-20T14:52:40","date_gmt":"2022-07-20T12:52:40","guid":{"rendered":"http:\/\/karatepalavas.fr\/?p=629"},"modified":"2022-07-20T14:54:07","modified_gmt":"2022-07-20T12:54:07","slug":"ouverture-section-senior","status":"publish","type":"post","link":"https:\/\/karatepalavas.fr\/?p=629","title":{"rendered":"OUVERTURE SECTION SENIOR"},"content":{"rendered":"\n<p>Le karate club de Palavas ouvre \u00e0 partir de Septembre 2022 une section KARATE SENIOR SANT\u00c9 tous les mardis matin de 10H30 \u00e0 11H30 <br><br>une pratique adapt\u00e9 \u00e0 un public d\u00e9sireux de travailler leurs souplesse et leurs coordination , mais aussi de conserver un bon tonus musculaire et une m\u00e9moire vive .<br><br>Inscriptions et renseignements : 0615622518<\/p>\n\n\n\n<figure class=\"wp-block-embed is-type-video is-provider-youtube wp-block-embed-youtube wp-embed-aspect-4-3 wp-has-aspect-ratio\"><div class=\"wp-block-embed__wrapper\">\n<iframe loading=\"lazy\" title=\"KARATE SENIOR \u00c0 PALAVAS\" width=\"640\" height=\"480\" src=\"https:\/\/www.youtube.com\/embed\/sZpGBVQ15N0?feature=oembed\" frameborder=\"0\" allow=\"accelerometer; autoplay; clipboard-write; encrypted-media; gyroscope; picture-in-picture; web-share\" referrerpolicy=\"strict-origin-when-cross-origin\" allowfullscreen><\/iframe>\n<\/div><\/figure>\n","protected":false},"excerpt":{"rendered":"<p>Le karate club de Palavas ouvre \u00e0 partir de Septembre 2022 une section KARATE SENIOR SANT\u00c9 tous les mardis matin de 10H30 \u00e0 11H30 une pratique adapt\u00e9 \u00e0 un public d\u00e9sireux de travailler leurs souplesse et leurs coordination , mais aussi de conserver un bon tonus musculaire et une m\u00e9moire vive . Inscriptions et renseignements &hellip; <\/p>\n<p class=\"link-more\"><a href=\"https:\/\/karatepalavas.fr\/?p=629\" class=\"more-link\">Read More<span class=\"screen-reader-text\"> \u00ab\u00a0OUVERTURE SECTION SENIOR\u00a0\u00bb<\/span><\/a><\/p>\n","protected":false},"author":1,"featured_media":631,"comment_status":"closed","ping_status":"closed","sticky":false,"template":"","format":"standard","meta":{"footnotes":""},"categories":[1],"tags":[],"class_list":["post-629","post","type-post","status-publish","format-standard","has-post-thumbnail","hentry","category-non-classe"],"_links":{"self":[{"href":"https:\/\/karatepalavas.fr\/index.php?rest_route=\/wp\/v2\/posts\/629","targetHints":{"allow":["GET"]}}],"collection":[{"href":"https:\/\/karatepalavas.fr\/index.php?rest_route=\/wp\/v2\/posts"}],"about":[{"href":"https:\/\/karatepalavas.fr\/index.php?rest_route=\/wp\/v2\/types\/post"}],"author":[{"embeddable":true,"href":"https:\/\/karatepalavas.fr\/index.php?rest_route=\/wp\/v2\/users\/1"}],"replies":[{"embeddable":true,"href":"https:\/\/karatepalavas.fr\/index.php?rest_route=%2Fwp%2Fv2%2Fcomments&post=629"}],"version-history":[{"count":1,"href":"https:\/\/karatepalavas.fr\/index.php?rest_route=\/wp\/v2\/posts\/629\/revisions"}],"predecessor-version":[{"id":630,"href":"https:\/\/karatepalavas.fr\/index.php?rest_route=\/wp\/v2\/posts\/629\/revisions\/630"}],"wp:featuredmedia":[{"embeddable":true,"href":"https:\/\/karatepalavas.fr\/index.php?rest_route=\/wp\/v2\/media\/631"}],"wp:attachment":[{"href":"https:\/\/karatepalavas.fr\/index.php?rest_route=%2Fwp%2Fv2%2Fmedia&parent=629"}],"wp:term":[{"taxonomy":"category","embeddable":true,"href":"https:\/\/karatepalavas.fr\/index.php?rest_route=%2Fwp%2Fv2%2Fcategories&post=629"},{"taxonomy":"post_tag","embeddable":true,"href":"https:\/\/karatepalavas.fr\/index.php?rest_route=%2Fwp%2Fv2%2Ftags&post=629"}],"curies":[{"name":"wp","href":"https:\/\/api.w.org\/{rel}","templated":true}]}}