{"id":724,"date":"2022-11-25T14:46:38","date_gmt":"2022-11-25T13:46:38","guid":{"rendered":"http:\/\/karatepalavas.fr\/?p=724"},"modified":"2022-11-25T14:46:38","modified_gmt":"2022-11-25T13:46:38","slug":"karate-palavas-aux-avants-postes","status":"publish","type":"post","link":"https:\/\/karatepalavas.fr\/?p=724","title":{"rendered":"KARATE PALAVAS AUX AVANTS POSTES"},"content":{"rendered":"\n<p>Le week end dernier ( 19 et 20 novembre ) avait lieu les championnats et coupe de l\u2019H\u00e9rault \u00e0 Frontignan.<\/p>\n\n\n\n<p>Cette comp\u00e9tition est la premi\u00e8re \u00e9preuve du circuit de qualification pour les championnats de France.<\/p>\n\n\n\n<p>Paolo Petagna \u00e0 survol\u00e9 la comp\u00e9tition puisqu\u2019il remporte sa cat\u00e9gorie minimes ainsi que la cat\u00e9gorie sup\u00e9rieure ( surclass\u00e9 cadets ) en ne conc\u00e9dant aucun point et en terminant tous ses combats avec plus de 8 points d\u2019avance , r\u00e9sultats qui confirment la grande forme de Paolo qui \u00e0 \u00e9t\u00e9 convoqu\u00e9 d\u00e9but novembre par le Staff de l\u2019\u00e9quipe de France pour des entrainements nationaux suite \u00e0 sa victoire \u00e0 l\u2019Open international de Turin et \u00e0 sa troisi\u00e8me place \u00e0 l\u2019Open de France .<\/p>\n\n\n\n<p>Pour la jeune garde du club c\u2019\u00e9tait en revanche leurs toute premi\u00e8re comp\u00e9tition car le club a d\u00e9cid\u00e9 de r\u00e9ouvrir la section ferm\u00e9 depuis 2012 .<\/p>\n\n\n\n<p>Nos 4 mousquetaires sont all\u00e9s donc d\u00e9fendre les couleurs de la ville de Palavas les flots avec Brio .<\/p>\n\n\n\n<p>En cat\u00e9gorie Pupilles&nbsp;<\/p>\n\n\n\n<p>Soan Gayraud loupe de peu le podium malgr\u00e9 un bel engagement , Gabriel Rives montera sur la 3\u00e8me marche du podium apr\u00e8s 2 victoires et une attitude exemplaire durant tous ses combats.<\/p>\n\n\n\n<p>Enfin Finale 100% palavasienne puisque Zaim Razimbaud remporte la coupe de l\u2019H\u00e9rault devant son ami Lenzo Prospero .<\/p>\n\n\n\n<p>Bravo \u00e0 la nouvelle g\u00e9n\u00e9ration de combattants.<\/p>\n\n\n\n<figure class=\"wp-block-image size-large\"><img loading=\"lazy\" decoding=\"async\" width=\"1024\" height=\"959\" src=\"https:\/\/karatepalavas.fr\/wp-content\/uploads\/2022\/11\/IMG_9210-1024x959.jpg\" alt=\"\" class=\"wp-image-725\" srcset=\"https:\/\/karatepalavas.fr\/wp-content\/uploads\/2022\/11\/IMG_9210-1024x959.jpg 1024w, https:\/\/karatepalavas.fr\/wp-content\/uploads\/2022\/11\/IMG_9210-300x281.jpg 300w, https:\/\/karatepalavas.fr\/wp-content\/uploads\/2022\/11\/IMG_9210-768x719.jpg 768w, https:\/\/karatepalavas.fr\/wp-content\/uploads\/2022\/11\/IMG_9210-1536x1438.jpg 1536w, https:\/\/karatepalavas.fr\/wp-content\/uploads\/2022\/11\/IMG_9210-2048x1918.jpg 2048w\" sizes=\"auto, (max-width: 1024px) 100vw, 1024px\" \/><\/figure>\n","protected":false},"excerpt":{"rendered":"<p>Le week end dernier ( 19 et 20 novembre ) avait lieu les championnats et coupe de l\u2019H\u00e9rault \u00e0 Frontignan. Cette comp\u00e9tition est la premi\u00e8re \u00e9preuve du circuit de qualification pour les championnats de France. Paolo Petagna \u00e0 survol\u00e9 la comp\u00e9tition puisqu\u2019il remporte sa cat\u00e9gorie minimes ainsi que la cat\u00e9gorie sup\u00e9rieure ( surclass\u00e9 cadets ) &hellip; <\/p>\n<p class=\"link-more\"><a href=\"https:\/\/karatepalavas.fr\/?p=724\" class=\"more-link\">Read More<span class=\"screen-reader-text\"> \u00ab\u00a0KARATE PALAVAS AUX AVANTS POSTES\u00a0\u00bb<\/span><\/a><\/p>\n","protected":false},"author":1,"featured_media":725,"comment_status":"closed","ping_status":"closed","sticky":false,"template":"","format":"image","meta":{"footnotes":""},"categories":[1],"tags":[],"class_list":["post-724","post","type-post","status-publish","format-image","has-post-thumbnail","hentry","category-non-classe","post_format-post-format-image"],"_links":{"self":[{"href":"https:\/\/karatepalavas.fr\/index.php?rest_route=\/wp\/v2\/posts\/724","targetHints":{"allow":["GET"]}}],"collection":[{"href":"https:\/\/karatepalavas.fr\/index.php?rest_route=\/wp\/v2\/posts"}],"about":[{"href":"https:\/\/karatepalavas.fr\/index.php?rest_route=\/wp\/v2\/types\/post"}],"author":[{"embeddable":true,"href":"https:\/\/karatepalavas.fr\/index.php?rest_route=\/wp\/v2\/users\/1"}],"replies":[{"embeddable":true,"href":"https:\/\/karatepalavas.fr\/index.php?rest_route=%2Fwp%2Fv2%2Fcomments&post=724"}],"version-history":[{"count":1,"href":"https:\/\/karatepalavas.fr\/index.php?rest_route=\/wp\/v2\/posts\/724\/revisions"}],"predecessor-version":[{"id":726,"href":"https:\/\/karatepalavas.fr\/index.php?rest_route=\/wp\/v2\/posts\/724\/revisions\/726"}],"wp:featuredmedia":[{"embeddable":true,"href":"https:\/\/karatepalavas.fr\/index.php?rest_route=\/wp\/v2\/media\/725"}],"wp:attachment":[{"href":"https:\/\/karatepalavas.fr\/index.php?rest_route=%2Fwp%2Fv2%2Fmedia&parent=724"}],"wp:term":[{"taxonomy":"category","embeddable":true,"href":"https:\/\/karatepalavas.fr\/index.php?rest_route=%2Fwp%2Fv2%2Fcategories&post=724"},{"taxonomy":"post_tag","embeddable":true,"href":"https:\/\/karatepalavas.fr\/index.php?rest_route=%2Fwp%2Fv2%2Ftags&post=724"}],"curies":[{"name":"wp","href":"https:\/\/api.w.org\/{rel}","templated":true}]}}