{"id":728,"date":"2023-01-14T01:49:40","date_gmt":"2023-01-14T00:49:40","guid":{"rendered":"http:\/\/karatepalavas.fr\/?p=728"},"modified":"2023-05-25T09:50:17","modified_gmt":"2023-05-25T07:50:17","slug":"paolo-finaliste-de-la-ligue-mondiale-des-jeunes-a-venise-italie","status":"publish","type":"post","link":"https:\/\/karatepalavas.fr\/?p=728","title":{"rendered":"PAOLO FINALISTE DE LA LIGUE MONDIALE DES JEUNES A VENISE ( ITALIE )"},"content":{"rendered":"\n<p>Paolo petagna \u00e9tait pr\u00e9sent u 9 au 11 d\u00e9cembre dernier en Italie au Lido de Jesolo pour participer \u00e0 la ligue mondiale des jeunes , tournoi organis\u00e9 par la f\u00e9d\u00e9ration mondiale de karat\u00e9.<br><br>Apr\u00e9s 6 tours \u00e2prement disput\u00e9s Paolo s&rsquo;inclinera finalement en finale de la comp\u00e9tition contre un Ukrainien.<\/p>\n\n\n\n<p>toute l&rsquo;\u00e9quipe du club le f\u00e9licite chaleureusement.<\/p>\n\n\n\n<p>Prochaine \u00e9tape de cette coupe du monde \u00e0 Fujairah aux \u00e9mirats arabes unis le 27 F\u00e9vrier 2023<br><\/p>\n\n\n\n<p><\/p>\n","protected":false},"excerpt":{"rendered":"<p>Paolo petagna \u00e9tait pr\u00e9sent u 9 au 11 d\u00e9cembre dernier en Italie au Lido de Jesolo pour participer \u00e0 la ligue mondiale des jeunes , tournoi organis\u00e9 par la f\u00e9d\u00e9ration mondiale de karat\u00e9. Apr\u00e9s 6 tours \u00e2prement disput\u00e9s Paolo s&rsquo;inclinera finalement en finale de la comp\u00e9tition contre un Ukrainien. toute l&rsquo;\u00e9quipe du club le f\u00e9licite &hellip; <\/p>\n<p class=\"link-more\"><a href=\"https:\/\/karatepalavas.fr\/?p=728\" class=\"more-link\">Read More<span class=\"screen-reader-text\"> \u00ab\u00a0PAOLO FINALISTE DE LA LIGUE MONDIALE DES JEUNES A VENISE ( ITALIE )\u00a0\u00bb<\/span><\/a><\/p>\n","protected":false},"author":1,"featured_media":729,"comment_status":"closed","ping_status":"closed","sticky":false,"template":"","format":"standard","meta":{"footnotes":""},"categories":[1],"tags":[],"class_list":["post-728","post","type-post","status-publish","format-standard","has-post-thumbnail","hentry","category-non-classe"],"_links":{"self":[{"href":"https:\/\/karatepalavas.fr\/index.php?rest_route=\/wp\/v2\/posts\/728","targetHints":{"allow":["GET"]}}],"collection":[{"href":"https:\/\/karatepalavas.fr\/index.php?rest_route=\/wp\/v2\/posts"}],"about":[{"href":"https:\/\/karatepalavas.fr\/index.php?rest_route=\/wp\/v2\/types\/post"}],"author":[{"embeddable":true,"href":"https:\/\/karatepalavas.fr\/index.php?rest_route=\/wp\/v2\/users\/1"}],"replies":[{"embeddable":true,"href":"https:\/\/karatepalavas.fr\/index.php?rest_route=%2Fwp%2Fv2%2Fcomments&post=728"}],"version-history":[{"count":1,"href":"https:\/\/karatepalavas.fr\/index.php?rest_route=\/wp\/v2\/posts\/728\/revisions"}],"predecessor-version":[{"id":730,"href":"https:\/\/karatepalavas.fr\/index.php?rest_route=\/wp\/v2\/posts\/728\/revisions\/730"}],"wp:featuredmedia":[{"embeddable":true,"href":"https:\/\/karatepalavas.fr\/index.php?rest_route=\/wp\/v2\/media\/729"}],"wp:attachment":[{"href":"https:\/\/karatepalavas.fr\/index.php?rest_route=%2Fwp%2Fv2%2Fmedia&parent=728"}],"wp:term":[{"taxonomy":"category","embeddable":true,"href":"https:\/\/karatepalavas.fr\/index.php?rest_route=%2Fwp%2Fv2%2Fcategories&post=728"},{"taxonomy":"post_tag","embeddable":true,"href":"https:\/\/karatepalavas.fr\/index.php?rest_route=%2Fwp%2Fv2%2Ftags&post=728"}],"curies":[{"name":"wp","href":"https:\/\/api.w.org\/{rel}","templated":true}]}}