{"id":736,"date":"2023-03-06T13:16:32","date_gmt":"2023-03-06T12:16:32","guid":{"rendered":"http:\/\/karatepalavas.fr\/?p=736"},"modified":"2023-05-25T10:07:17","modified_gmt":"2023-05-25T08:07:17","slug":"paolo-finaliste-de-la-coupe-du-monde-des-jeunes-a-fujairah-aux-emirats-arabes-unis","status":"publish","type":"post","link":"https:\/\/karatepalavas.fr\/?p=736","title":{"rendered":"Paolo finaliste de la coupe du monde des jeunes \u00e0 FUJAIRAH aux Emirats Arabes unis"},"content":{"rendered":"\n<p>Paolo Petagna \u00e9tait pr\u00e9sent aux \u00e9mirats arabes unis pour la premi\u00e8re \u00e9tape de la coupe du monde des jeunes \u00e0 Fujairah aux Emirats Arabes Unis le 26 F\u00e9vrier dernier Cette comp\u00e9tition \u00e9tait la premi\u00e8re en dehors su continent europ\u00e9en et constituait donc un excellent test apr\u00e9s sa premi\u00e8re finale mondiale \u00e0 Venise \u00e0 D\u00e9cembre dernier .<\/p>\n\n\n\n<p>Apr\u00e8s 5 combats gagn\u00e9s contre un Kazakhe, un Egyptien, un Turc, un Kowe\u00eftien , un Azeri , il se trouvait en finale contre un autre Azeri ou malheureusement il s&rsquo;inclinera de justesse .<\/p>\n\n\n\n<p>Paolo confirme donc sa pr\u00e9sence parmi les meilleurs athl\u00e8tes du monde de sa cat\u00e9gorie .<\/p>\n\n\n\n<p>La prochaine \u00e9tape au ra lieu \u00e0 La corogne en Espagne le 30 Avril Prochain , puis \u00e0 Porec en Croatie le 2 juillet .<\/p>\n\n\n\n<p>Nous sommes toujours \u00e0 la recherche de partenaires financiers pour permettre \u00e0 Paolo de faire toutes les \u00e9tapes de ce circuit mondial.<br><br>Merci par avance de votre g\u00e9n\u00e9rosit\u00e9. <\/p>\n\n\n\n<figure class=\"wp-block-image size-large\"><img decoding=\"async\" src=\"https:\/\/karatepalavas.fr\/wp-content\/uploads\/2023\/03\/IMG_0997-768x1024.jpg\" alt=\"\" class=\"wp-image-737\"\/><\/figure>\n\n\n\n\n\n\n","protected":false},"excerpt":{"rendered":"<p>Paolo Petagna \u00e9tait pr\u00e9sent aux \u00e9mirats arabes unis pour la premi\u00e8re \u00e9tape de la coupe du monde des jeunes \u00e0 Fujairah aux Emirats Arabes Unis le 26 F\u00e9vrier dernier Cette comp\u00e9tition \u00e9tait la premi\u00e8re en dehors su continent europ\u00e9en et constituait donc un excellent test apr\u00e9s sa premi\u00e8re finale mondiale \u00e0 Venise \u00e0 D\u00e9cembre dernier &hellip; <\/p>\n<p class=\"link-more\"><a href=\"https:\/\/karatepalavas.fr\/?p=736\" class=\"more-link\">Read More<span class=\"screen-reader-text\"> \u00ab\u00a0Paolo finaliste de la coupe du monde des jeunes \u00e0 FUJAIRAH aux Emirats Arabes unis\u00a0\u00bb<\/span><\/a><\/p>\n","protected":false},"author":1,"featured_media":1319,"comment_status":"closed","ping_status":"closed","sticky":false,"template":"","format":"standard","meta":{"footnotes":""},"categories":[1],"tags":[],"class_list":["post-736","post","type-post","status-publish","format-standard","has-post-thumbnail","hentry","category-non-classe"],"_links":{"self":[{"href":"https:\/\/karatepalavas.fr\/index.php?rest_route=\/wp\/v2\/posts\/736","targetHints":{"allow":["GET"]}}],"collection":[{"href":"https:\/\/karatepalavas.fr\/index.php?rest_route=\/wp\/v2\/posts"}],"about":[{"href":"https:\/\/karatepalavas.fr\/index.php?rest_route=\/wp\/v2\/types\/post"}],"author":[{"embeddable":true,"href":"https:\/\/karatepalavas.fr\/index.php?rest_route=\/wp\/v2\/users\/1"}],"replies":[{"embeddable":true,"href":"https:\/\/karatepalavas.fr\/index.php?rest_route=%2Fwp%2Fv2%2Fcomments&post=736"}],"version-history":[{"count":1,"href":"https:\/\/karatepalavas.fr\/index.php?rest_route=\/wp\/v2\/posts\/736\/revisions"}],"predecessor-version":[{"id":739,"href":"https:\/\/karatepalavas.fr\/index.php?rest_route=\/wp\/v2\/posts\/736\/revisions\/739"}],"wp:featuredmedia":[{"embeddable":true,"href":"https:\/\/karatepalavas.fr\/index.php?rest_route=\/wp\/v2\/media\/1319"}],"wp:attachment":[{"href":"https:\/\/karatepalavas.fr\/index.php?rest_route=%2Fwp%2Fv2%2Fmedia&parent=736"}],"wp:term":[{"taxonomy":"category","embeddable":true,"href":"https:\/\/karatepalavas.fr\/index.php?rest_route=%2Fwp%2Fv2%2Fcategories&post=736"},{"taxonomy":"post_tag","embeddable":true,"href":"https:\/\/karatepalavas.fr\/index.php?rest_route=%2Fwp%2Fv2%2Ftags&post=736"}],"curies":[{"name":"wp","href":"https:\/\/api.w.org\/{rel}","templated":true}]}}